{"id":292,"date":"2018-10-04T17:40:04","date_gmt":"2018-10-04T17:40:04","guid":{"rendered":"https:\/\/fedlatcarbono.org\/?p=292"},"modified":"2018-10-04T17:40:04","modified_gmt":"2018-10-04T17:40:04","slug":"supercarbones-para-producir-energia-y-tratar-agua-contaminada","status":"publish","type":"post","link":"https:\/\/amexcarb.ipicyt.edu.mx\/wp_FLC\/2018\/10\/04\/supercarbones-para-producir-energia-y-tratar-agua-contaminada\/","title":{"rendered":"S\u00fapercarbones para producir energ\u00eda y tratar agua contaminada"},"content":{"rendered":"<p><img loading=\"lazy\" decoding=\"async\" class=\"alignnone size-full wp-image-294\" src=\"https:\/\/amexcarb.ipicyt.edu.mx\/wp_FLC\/\/wp-content\/uploads\/2018\/10\/flyer-Biocarbonos.png\" alt=\"\" width=\"886\" height=\"709\" srcset=\"https:\/\/amexcarb.ipicyt.edu.mx\/wp_FLC\/wp-content\/uploads\/2018\/10\/flyer-Biocarbonos.png 886w, https:\/\/amexcarb.ipicyt.edu.mx\/wp_FLC\/wp-content\/uploads\/2018\/10\/flyer-Biocarbonos-300x240.png 300w, https:\/\/amexcarb.ipicyt.edu.mx\/wp_FLC\/wp-content\/uploads\/2018\/10\/flyer-Biocarbonos-768x615.png 768w\" sizes=\"auto, (max-width: 886px) 100vw, 886px\" \/><\/p>\n<p style=\"text-align: justify;\">[tw_dropcap color=&#8221;#ee3923&#8243; style=&#8221;square&#8221;]E[\/tw_dropcap]l martes 6 de noviembre, a partir de las 9:00 horas, se llevar\u00e1 a cabo el <strong>Taller: Biocarbonos para la Producci\u00f3n de Energ\u00eda y Remediaci\u00f3n Ambiental<\/strong>, iniciativa que busca dar a conocer c\u00f3mo nuevos materiales h\u00edbridos con base de biocarbonos pueden aportar al mismo tiempo a la descontaminaci\u00f3n de agua y a la producci\u00f3n energ\u00e9tica. El taller se realizar\u00e1 en el Auditorio Jaime Baeza, ubicado en el Edificio EMPREUDEC de la Universidad de Concepci\u00f3n, de 9:00 a 18:00 horas.<\/p>\n<p style=\"text-align: justify;\">Esta actividad se enmarca en los objetivos de la red Franco-Chilena para la Valorizaci\u00f3n de Biocarbones (BIOCval2E), conformada por grupos de trabajo de UDT-UdeC y el <a href=\"http:\/\/www.cemhti.cnrs-orleans.fr\/\">CEMHTI-CNRS<\/a> de la Universidad de Orl\u00e9ans, Francia. El taller cuenta con la participaci\u00f3n de destacados investigadores de la Universidad de Concepci\u00f3n y la Universidad de Orl\u00e9ans, quienes abordar\u00e1n distintas tem\u00e1ticas referentes al uso de materiales carbonosos, principalmente en las \u00e1reas de conversi\u00f3n y producci\u00f3n de energ\u00eda as\u00ed como remediaci\u00f3n de agua contaminada empleando tecnolog\u00eda solar.<\/p>\n<p style=\"text-align: justify;\">El objetivo de esta red de colaboraci\u00f3n internacional es producir una gama de materiales multifuncionales de biocarbonos nanoporosos, preparados a partir de desechos agr\u00edcolas y urbanos, de bajo costo y que puedan ser utilizados como catalizadores, foto catalizadores y adsorbentes para aplicaciones energ\u00e9ticas y ambientales.<\/p>\n<p style=\"text-align: justify;\">3 son los proyectos asociados que apoyan el Taller de Biocarbonos:<\/p>\n<p style=\"text-align: justify;\">FRANCO-CHILEAN NETWOTK: BIOCval2E, REDES-170004.<\/p>\n<p style=\"text-align: justify;\">FONDECYT-REGULAR, 1161068.<\/p>\n<p style=\"text-align: justify;\">CONICYT PIA\/APOYO CCTE AFB170007.<\/p>\n<p style=\"text-align: justify;\">Inscripciones en los correos: <a href=\"mailto:p.poon@udt.cl\">p.poon@udt.cl<\/a> y <a href=\"mailto:j.matos@udt.cl\">j.matos@udt.cl<\/a>, indicando nombre e instituci\u00f3n.<\/p>\n<p style=\"text-align: justify;\"><strong>Programa<\/strong><\/p>\n<p style=\"text-align: justify;\"><a href=\"https:\/\/amexcarb.ipicyt.edu.mx\/wp_FLC\/\/wp-content\/uploads\/2018\/10\/programa-Biocarbonos-v3.pdf\" target=\"_blank\" rel=\"noopener\">Descargar en PDF<\/a><\/p>\n<p><img loading=\"lazy\" decoding=\"async\" class=\"alignnone size-full wp-image-295\" src=\"https:\/\/amexcarb.ipicyt.edu.mx\/wp_FLC\/\/wp-content\/uploads\/2018\/10\/programa-Biocarbonos-v3.png\" alt=\"\" width=\"1275\" height=\"1650\" srcset=\"https:\/\/amexcarb.ipicyt.edu.mx\/wp_FLC\/wp-content\/uploads\/2018\/10\/programa-Biocarbonos-v3.png 1275w, https:\/\/amexcarb.ipicyt.edu.mx\/wp_FLC\/wp-content\/uploads\/2018\/10\/programa-Biocarbonos-v3-232x300.png 232w, https:\/\/amexcarb.ipicyt.edu.mx\/wp_FLC\/wp-content\/uploads\/2018\/10\/programa-Biocarbonos-v3-791x1024.png 791w, https:\/\/amexcarb.ipicyt.edu.mx\/wp_FLC\/wp-content\/uploads\/2018\/10\/programa-Biocarbonos-v3-768x994.png 768w, https:\/\/amexcarb.ipicyt.edu.mx\/wp_FLC\/wp-content\/uploads\/2018\/10\/programa-Biocarbonos-v3-1187x1536.png 1187w\" sizes=\"auto, (max-width: 1275px) 100vw, 1275px\" \/><\/p>\n<p><strong>Fuente<\/strong><\/p>\n<p><a href=\"https:\/\/www.udt.cl\/supercarbones-para-producir-energia-y-tratar-agua-contaminada\/\" target=\"_blank\" rel=\"noopener\">UDT<\/a><\/p>\n","protected":false},"excerpt":{"rendered":"<p>[tw_dropcap color=&#8221;#ee3923&#8243; style=&#8221;square&#8221;]E[\/tw_dropcap]l martes 6 de noviembre, a partir de las 9:00 horas, se llevar\u00e1 a cabo el Taller: Biocarbonos para la Producci\u00f3n de Energ\u00eda y Remediaci\u00f3n Ambiental, iniciativa que busca dar a conocer c\u00f3mo nuevos materiales h\u00edbridos con base de biocarbonos pueden aportar al mismo tiempo a la descontaminaci\u00f3n de agua y a la&hellip;&nbsp;<a href=\"https:\/\/amexcarb.ipicyt.edu.mx\/wp_FLC\/2018\/10\/04\/supercarbones-para-producir-energia-y-tratar-agua-contaminada\/\" class=\"\" rel=\"bookmark\">Leer m\u00e1s &raquo;<span class=\"screen-reader-text\">S\u00fapercarbones para producir energ\u00eda y tratar agua contaminada<\/span><\/a><\/p>\n","protected":false},"author":1,"featured_media":293,"comment_status":"closed","ping_status":"closed","sticky":false,"template":"","format":"standard","meta":{"neve_meta_sidebar":"","neve_meta_container":"","neve_meta_enable_content_width":"","neve_meta_content_width":0,"neve_meta_title_alignment":"","neve_meta_author_avatar":"","neve_post_elements_order":"","neve_meta_disable_header":"","neve_meta_disable_footer":"","neve_meta_disable_title":"","_ti_tpc_template_sync":false,"_ti_tpc_template_id":"","footnotes":""},"categories":[3],"tags":[],"class_list":["post-292","post","type-post","status-publish","format-standard","has-post-thumbnail","hentry","category-notas"],"aioseo_notices":[],"_links":{"self":[{"href":"https:\/\/amexcarb.ipicyt.edu.mx\/wp_FLC\/wp-json\/wp\/v2\/posts\/292","targetHints":{"allow":["GET"]}}],"collection":[{"href":"https:\/\/amexcarb.ipicyt.edu.mx\/wp_FLC\/wp-json\/wp\/v2\/posts"}],"about":[{"href":"https:\/\/amexcarb.ipicyt.edu.mx\/wp_FLC\/wp-json\/wp\/v2\/types\/post"}],"author":[{"embeddable":true,"href":"https:\/\/amexcarb.ipicyt.edu.mx\/wp_FLC\/wp-json\/wp\/v2\/users\/1"}],"replies":[{"embeddable":true,"href":"https:\/\/amexcarb.ipicyt.edu.mx\/wp_FLC\/wp-json\/wp\/v2\/comments?post=292"}],"version-history":[{"count":0,"href":"https:\/\/amexcarb.ipicyt.edu.mx\/wp_FLC\/wp-json\/wp\/v2\/posts\/292\/revisions"}],"wp:featuredmedia":[{"embeddable":true,"href":"https:\/\/amexcarb.ipicyt.edu.mx\/wp_FLC\/wp-json\/wp\/v2\/media\/293"}],"wp:attachment":[{"href":"https:\/\/amexcarb.ipicyt.edu.mx\/wp_FLC\/wp-json\/wp\/v2\/media?parent=292"}],"wp:term":[{"taxonomy":"category","embeddable":true,"href":"https:\/\/amexcarb.ipicyt.edu.mx\/wp_FLC\/wp-json\/wp\/v2\/categories?post=292"},{"taxonomy":"post_tag","embeddable":true,"href":"https:\/\/amexcarb.ipicyt.edu.mx\/wp_FLC\/wp-json\/wp\/v2\/tags?post=292"}],"curies":[{"name":"wp","href":"https:\/\/api.w.org\/{rel}","templated":true}]}}