{"id":306,"date":"2018-11-21T14:09:24","date_gmt":"2018-11-21T14:09:24","guid":{"rendered":"https:\/\/fedlatcarbono.org\/?p=306"},"modified":"2018-11-21T14:09:24","modified_gmt":"2018-11-21T14:09:24","slug":"cesep19-alicante-espana-del-20-al-24-de-octubre-de-2019","status":"publish","type":"post","link":"https:\/\/amexcarb.ipicyt.edu.mx\/wp_FLC\/2018\/11\/21\/cesep19-alicante-espana-del-20-al-24-de-octubre-de-2019\/","title":{"rendered":"CESEP&#8217;19 &#8211; Alicante, Espa\u00f1a, del 20 al 24 de octubre de 2019"},"content":{"rendered":"<p style=\"text-align: justify;\">CESEP&#8217;19 es la octava conferencia internacional sobre el carbono para el almacenamiento de energ\u00eda y la protecci\u00f3n del medio ambiente. La conferencia ser\u00e1 organizada por el Grupo Espa\u00f1ol de Carbono (GEC) y se celebrar\u00e1 en Alicante, Espa\u00f1a, del 20 al 24 de octubre de 2019.<\/p>\n<p style=\"text-align: justify;\">Hasta la fecha, los materiales de carbono juegan un papel importante en un gran n\u00famero de aplicaciones altamente especializadas -como materiales estructurales y funcionales- relacionadas con los retos industriales actuales. Las razones subyacentes son su qu\u00edmica de coordinaci\u00f3n flexible que permite posibilidades casi infinitas de estructuras 3D, y su capacidad de reaccionar con otros hetero\u00e1tomos para incorporar grupos funcionales que determinan la autoorganizaci\u00f3n, la estabilidad qu\u00edmica y la reactividad.<\/p>\n<p style=\"text-align: justify;\">Al igual que en reuniones anteriores, el objetivo de la conferencia es reunir a cient\u00edficos, ingenieros y tecn\u00f3logos y ofrecer un foro de debate sobre los aspectos cient\u00edficos fundamentales y tecnol\u00f3gicos de las aplicaciones del carbono relacionadas con el almacenamiento de energ\u00eda y la protecci\u00f3n del medio ambiente. Se espera que esta conferencia estimule un debate fruct\u00edfero, nuevas ideas y colaboraciones entre especialistas de diversos campos.<\/p>\n<p style=\"text-align: justify;\">Manteniendo el estilo del primer CESEP, la Conferencia consistir\u00e1 en una sola sesi\u00f3n. Habr\u00e1 conferencias plenarias y de apertura a cargo de oradores reconocidos, y se har\u00e1 especial hincapi\u00e9 en las comunicaciones orales y de p\u00f3ster. Se espera un n\u00famero limitado de participantes (250 como m\u00e1ximo). El idioma oficial ser\u00e1 el ingl\u00e9s.<\/p>\n<p style=\"text-align: justify;\">M\u00e1s informaci\u00f3n en:<br \/>\n<a href=\"https:\/\/cesep2019.com\/\" target=\"_blank\" rel=\"noopener\">https:\/\/cesep2019.com<\/a><\/p>\n","protected":false},"excerpt":{"rendered":"<p>CESEP&#8217;19 es la octava conferencia internacional sobre el carbono para el almacenamiento de energ\u00eda y la protecci\u00f3n del medio ambiente. La conferencia ser\u00e1 organizada por el Grupo Espa\u00f1ol de Carbono (GEC) y se celebrar\u00e1 en Alicante, Espa\u00f1a, del 20 al 24 de octubre de 2019. Hasta la fecha, los materiales de carbono juegan un papel&hellip;&nbsp;<a href=\"https:\/\/amexcarb.ipicyt.edu.mx\/wp_FLC\/2018\/11\/21\/cesep19-alicante-espana-del-20-al-24-de-octubre-de-2019\/\" class=\"\" rel=\"bookmark\">Leer m\u00e1s &raquo;<span class=\"screen-reader-text\">CESEP&#8217;19 &#8211; Alicante, Espa\u00f1a, del 20 al 24 de octubre de 2019<\/span><\/a><\/p>\n","protected":false},"author":1,"featured_media":307,"comment_status":"closed","ping_status":"closed","sticky":false,"template":"","format":"standard","meta":{"neve_meta_sidebar":"","neve_meta_container":"","neve_meta_enable_content_width":"","neve_meta_content_width":0,"neve_meta_title_alignment":"","neve_meta_author_avatar":"","neve_post_elements_order":"","neve_meta_disable_header":"","neve_meta_disable_footer":"","neve_meta_disable_title":"","_ti_tpc_template_sync":false,"_ti_tpc_template_id":"","footnotes":""},"categories":[3],"tags":[],"class_list":["post-306","post","type-post","status-publish","format-standard","has-post-thumbnail","hentry","category-notas"],"aioseo_notices":[],"_links":{"self":[{"href":"https:\/\/amexcarb.ipicyt.edu.mx\/wp_FLC\/wp-json\/wp\/v2\/posts\/306","targetHints":{"allow":["GET"]}}],"collection":[{"href":"https:\/\/amexcarb.ipicyt.edu.mx\/wp_FLC\/wp-json\/wp\/v2\/posts"}],"about":[{"href":"https:\/\/amexcarb.ipicyt.edu.mx\/wp_FLC\/wp-json\/wp\/v2\/types\/post"}],"author":[{"embeddable":true,"href":"https:\/\/amexcarb.ipicyt.edu.mx\/wp_FLC\/wp-json\/wp\/v2\/users\/1"}],"replies":[{"embeddable":true,"href":"https:\/\/amexcarb.ipicyt.edu.mx\/wp_FLC\/wp-json\/wp\/v2\/comments?post=306"}],"version-history":[{"count":0,"href":"https:\/\/amexcarb.ipicyt.edu.mx\/wp_FLC\/wp-json\/wp\/v2\/posts\/306\/revisions"}],"wp:featuredmedia":[{"embeddable":true,"href":"https:\/\/amexcarb.ipicyt.edu.mx\/wp_FLC\/wp-json\/wp\/v2\/media\/307"}],"wp:attachment":[{"href":"https:\/\/amexcarb.ipicyt.edu.mx\/wp_FLC\/wp-json\/wp\/v2\/media?parent=306"}],"wp:term":[{"taxonomy":"category","embeddable":true,"href":"https:\/\/amexcarb.ipicyt.edu.mx\/wp_FLC\/wp-json\/wp\/v2\/categories?post=306"},{"taxonomy":"post_tag","embeddable":true,"href":"https:\/\/amexcarb.ipicyt.edu.mx\/wp_FLC\/wp-json\/wp\/v2\/tags?post=306"}],"curies":[{"name":"wp","href":"https:\/\/api.w.org\/{rel}","templated":true}]}}