{"id":310,"date":"2018-11-21T14:52:11","date_gmt":"2018-11-21T14:52:11","guid":{"rendered":"https:\/\/fedlatcarbono.org\/?p=310"},"modified":"2018-11-21T14:52:11","modified_gmt":"2018-11-21T14:52:11","slug":"carbon-2019-lexington-kentucky-14-19-de-julio-de-2019","status":"publish","type":"post","link":"https:\/\/amexcarb.ipicyt.edu.mx\/wp_FLC\/2018\/11\/21\/carbon-2019-lexington-kentucky-14-19-de-julio-de-2019\/","title":{"rendered":"Carbon 2019 &#8211; Lexington, Kentucky | 14-19 de julio de 2019"},"content":{"rendered":"<h3 style=\"text-align: justify;\"><img loading=\"lazy\" decoding=\"async\" class=\"alignnone size-full wp-image-319\" src=\"https:\/\/amexcarb.ipicyt.edu.mx\/wp_FLC\/\/wp-content\/uploads\/2018\/11\/6a00d223-03d1-4b06-b83e-17c0b4fa1d06.jpg\" alt=\"\" width=\"1194\" height=\"448\" srcset=\"https:\/\/amexcarb.ipicyt.edu.mx\/wp_FLC\/wp-content\/uploads\/2018\/11\/6a00d223-03d1-4b06-b83e-17c0b4fa1d06.jpg 1194w, https:\/\/amexcarb.ipicyt.edu.mx\/wp_FLC\/wp-content\/uploads\/2018\/11\/6a00d223-03d1-4b06-b83e-17c0b4fa1d06-300x113.jpg 300w, https:\/\/amexcarb.ipicyt.edu.mx\/wp_FLC\/wp-content\/uploads\/2018\/11\/6a00d223-03d1-4b06-b83e-17c0b4fa1d06-1024x384.jpg 1024w, https:\/\/amexcarb.ipicyt.edu.mx\/wp_FLC\/wp-content\/uploads\/2018\/11\/6a00d223-03d1-4b06-b83e-17c0b4fa1d06-768x288.jpg 768w\" sizes=\"auto, (max-width: 1194px) 100vw, 1194px\" \/><img loading=\"lazy\" decoding=\"async\" class=\"alignnone size-full wp-image-320\" src=\"https:\/\/amexcarb.ipicyt.edu.mx\/wp_FLC\/\/wp-content\/uploads\/2018\/11\/e565a2f7-3718-45fa-92cf-440be465c00f.jpg\" alt=\"\" width=\"1200\" height=\"857\" srcset=\"https:\/\/amexcarb.ipicyt.edu.mx\/wp_FLC\/wp-content\/uploads\/2018\/11\/e565a2f7-3718-45fa-92cf-440be465c00f.jpg 1200w, https:\/\/amexcarb.ipicyt.edu.mx\/wp_FLC\/wp-content\/uploads\/2018\/11\/e565a2f7-3718-45fa-92cf-440be465c00f-300x214.jpg 300w, https:\/\/amexcarb.ipicyt.edu.mx\/wp_FLC\/wp-content\/uploads\/2018\/11\/e565a2f7-3718-45fa-92cf-440be465c00f-1024x731.jpg 1024w, https:\/\/amexcarb.ipicyt.edu.mx\/wp_FLC\/wp-content\/uploads\/2018\/11\/e565a2f7-3718-45fa-92cf-440be465c00f-768x548.jpg 768w\" sizes=\"auto, (max-width: 1200px) 100vw, 1200px\" \/><\/h3>\n<h3 style=\"text-align: justify;\">Abierto el plazo de inscripci\u00f3n para Carbon 2019<\/h3>\n<p style=\"text-align: justify;\">Ya est\u00e1 abierta la inscripci\u00f3n anticipada para Carbon 2019, la Conferencia Mundial sobre el Carbono. El precio de madrugada es un valor fant\u00e1stico. Los asistentes recibir\u00e1n hospitalidad de primera clase en el coraz\u00f3n de la regi\u00f3n de Bluegrass de Kentucky, admisi\u00f3n a la Recepci\u00f3n de Bienvenida y al Banquete de Bienvenida, entretenimiento \u00fanico de Kentucky, almuerzos buffet todos los d\u00edas y degustaci\u00f3n de bourbon de Kentucky.<\/p>\n<p style=\"text-align: justify;\">Los asistentes al Carbon 2019 escuchar\u00e1n a algunos de los mejores presentadores del campo, incluyendo a los siguientes oradores confirmados:<\/p>\n<ul style=\"text-align: justify;\">\n<li>Francois Beguin, Profesor, Universidad Tecnol\u00f3gica de Poznan, Polonia<\/li>\n<li>Phillip Bradford, Profesor Asociado, Ingenier\u00eda Textil, Qu\u00edmica y Ciencia, Universidad Estatal de Carolina del Norte<\/li>\n<li>Chao Gao, Profesor, Departamento de Ciencia e Ingenier\u00eda de Pol\u00edmeros, Universidad de Zhejiang, China<\/li>\n<li>Nicole Grobert, profesora y miembro de la Royal Society Industry Fellow, Williams Advanced Engineering Department of Materials, University of Oxford<\/li>\n<li>Juan Matos, Profesor, UDT &#8211; Universidad de Concepci\u00f3n, Chile<\/li>\n<li>Mauricio Terrones, Profesor Distinguido de F\u00edsica, Qu\u00edmica y Ciencia e Ingenier\u00eda de Materiales, Penn State University<\/li>\n<\/ul>\n<p style=\"text-align: justify;\">Reg\u00edstrese hoy mismo en <a href=\"http:\/\/carbon2019.org\/\">http:\/\/carbon2019.org\/<\/a>. El bloque de habitaciones de hotel en el Lexington Hyatt Regency tambi\u00e9n est\u00e1 disponible en ese sitio web.<\/p>\n<p style=\"text-align: justify;\"><img loading=\"lazy\" decoding=\"async\" class=\"alignnone size-full wp-image-321\" src=\"https:\/\/amexcarb.ipicyt.edu.mx\/wp_FLC\/\/wp-content\/uploads\/2018\/11\/689aa459-3a89-40d1-94dc-0fa3d7522ad1-1.jpg\" alt=\"\" width=\"1000\" height=\"500\" srcset=\"https:\/\/amexcarb.ipicyt.edu.mx\/wp_FLC\/wp-content\/uploads\/2018\/11\/689aa459-3a89-40d1-94dc-0fa3d7522ad1-1.jpg 1000w, https:\/\/amexcarb.ipicyt.edu.mx\/wp_FLC\/wp-content\/uploads\/2018\/11\/689aa459-3a89-40d1-94dc-0fa3d7522ad1-1-300x150.jpg 300w, https:\/\/amexcarb.ipicyt.edu.mx\/wp_FLC\/wp-content\/uploads\/2018\/11\/689aa459-3a89-40d1-94dc-0fa3d7522ad1-1-768x384.jpg 768w\" sizes=\"auto, (max-width: 1000px) 100vw, 1000px\" \/><\/p>\n<h3 style=\"text-align: justify;\">Abierto el plazo de presentaci\u00f3n de res\u00famenes<\/h3>\n<p style=\"text-align: justify;\">\n\u00bfInteresado en presentar en Carbon 2019? Las solicitudes para presentaciones orales y de p\u00f3ster no solicitadas est\u00e1n siendo aceptadas para el Carbon 2019. La fecha l\u00edmite para la presentaci\u00f3n de res\u00famenes es el 15 de enero de 2019. Env\u00ede su resumen a <a href=\"http:\/\/carbon2019.org\/speakers\/\">http:\/\/carbon2019.org\/speakers\/<\/a>.<\/p>\n<h3 style=\"text-align: justify;\">Solicitudes de carta de visa disponibles<\/h3>\n<p style=\"text-align: justify;\">\u00bfNecesita una carta de Carbon 2019 para ayudarle con su solicitud de visa? Puede solicitar una carta en la p\u00e1gina web de Carbon 2019 en <a href=\"http:\/\/carbon2019.org\/\">http:\/\/carbon2019.org\/<\/a>.<\/p>\n","protected":false},"excerpt":{"rendered":"<p>Abierto el plazo de inscripci\u00f3n para Carbon 2019 Ya est\u00e1 abierta la inscripci\u00f3n anticipada para Carbon 2019, la Conferencia Mundial sobre el Carbono. El precio de madrugada es un valor fant\u00e1stico. Los asistentes recibir\u00e1n hospitalidad de primera clase en el coraz\u00f3n de la regi\u00f3n de Bluegrass de Kentucky, admisi\u00f3n a la Recepci\u00f3n de Bienvenida y&hellip;&nbsp;<a href=\"https:\/\/amexcarb.ipicyt.edu.mx\/wp_FLC\/2018\/11\/21\/carbon-2019-lexington-kentucky-14-19-de-julio-de-2019\/\" class=\"\" rel=\"bookmark\">Leer m\u00e1s &raquo;<span class=\"screen-reader-text\">Carbon 2019 &#8211; Lexington, Kentucky | 14-19 de julio de 2019<\/span><\/a><\/p>\n","protected":false},"author":1,"featured_media":311,"comment_status":"closed","ping_status":"closed","sticky":false,"template":"","format":"standard","meta":{"neve_meta_sidebar":"","neve_meta_container":"","neve_meta_enable_content_width":"","neve_meta_content_width":0,"neve_meta_title_alignment":"","neve_meta_author_avatar":"","neve_post_elements_order":"","neve_meta_disable_header":"","neve_meta_disable_footer":"","neve_meta_disable_title":"","_ti_tpc_template_sync":false,"_ti_tpc_template_id":"","footnotes":""},"categories":[3],"tags":[],"class_list":["post-310","post","type-post","status-publish","format-standard","has-post-thumbnail","hentry","category-notas"],"aioseo_notices":[],"_links":{"self":[{"href":"https:\/\/amexcarb.ipicyt.edu.mx\/wp_FLC\/wp-json\/wp\/v2\/posts\/310","targetHints":{"allow":["GET"]}}],"collection":[{"href":"https:\/\/amexcarb.ipicyt.edu.mx\/wp_FLC\/wp-json\/wp\/v2\/posts"}],"about":[{"href":"https:\/\/amexcarb.ipicyt.edu.mx\/wp_FLC\/wp-json\/wp\/v2\/types\/post"}],"author":[{"embeddable":true,"href":"https:\/\/amexcarb.ipicyt.edu.mx\/wp_FLC\/wp-json\/wp\/v2\/users\/1"}],"replies":[{"embeddable":true,"href":"https:\/\/amexcarb.ipicyt.edu.mx\/wp_FLC\/wp-json\/wp\/v2\/comments?post=310"}],"version-history":[{"count":0,"href":"https:\/\/amexcarb.ipicyt.edu.mx\/wp_FLC\/wp-json\/wp\/v2\/posts\/310\/revisions"}],"wp:featuredmedia":[{"embeddable":true,"href":"https:\/\/amexcarb.ipicyt.edu.mx\/wp_FLC\/wp-json\/wp\/v2\/media\/311"}],"wp:attachment":[{"href":"https:\/\/amexcarb.ipicyt.edu.mx\/wp_FLC\/wp-json\/wp\/v2\/media?parent=310"}],"wp:term":[{"taxonomy":"category","embeddable":true,"href":"https:\/\/amexcarb.ipicyt.edu.mx\/wp_FLC\/wp-json\/wp\/v2\/categories?post=310"},{"taxonomy":"post_tag","embeddable":true,"href":"https:\/\/amexcarb.ipicyt.edu.mx\/wp_FLC\/wp-json\/wp\/v2\/tags?post=310"}],"curies":[{"name":"wp","href":"https:\/\/api.w.org\/{rel}","templated":true}]}}