{"id":348,"date":"2019-05-02T17:25:35","date_gmt":"2019-05-02T17:25:35","guid":{"rendered":"https:\/\/fedlatcarbono.org\/?p=348"},"modified":"2019-05-02T17:25:35","modified_gmt":"2019-05-02T17:25:35","slug":"3er-congreso-amex-carb-2019-5-8-nov-2019","status":"publish","type":"post","link":"https:\/\/amexcarb.ipicyt.edu.mx\/wp_FLC\/2019\/05\/02\/3er-congreso-amex-carb-2019-5-8-nov-2019\/","title":{"rendered":"3er Congreso AMEX CARB 2019 5-8 Nov 2019"},"content":{"rendered":"<blockquote>\n<div dir=\"ltr\">\n<div dir=\"ltr\">\n<p class=\"m_-1750596476488888968x_MsoNormal\"><span lang=\"ES-TRAD\">Estimados Colegas y amigos,<\/span><\/p>\n<p class=\"m_-1750596476488888968x_MsoNormal\"><span lang=\"ES-TRAD\">\u00a0<\/span><span lang=\"ES-TRAD\">Es un gusto comunicarles que ya contamos con los detalles del\u00a0<b>Tercer Congreso de la Asociaci\u00f3n Mexicana de Carbono (AMEXCarb 2019)<\/b>, el cual como se les comunic\u00f3 en el primer bolet\u00edn, se llevar\u00e1 a cabo del 5 al 8 de noviembre del a\u00f1o en curso en las instalaciones del IPICYT (ver anexos).<\/span><\/p>\n<p class=\"m_-1750596476488888968x_MsoNormal\"><span lang=\"ES-TRAD\">\u00a0<\/span><span lang=\"ES-TRAD\">Es importante considerar que la\u00a0<b>cuota de inscripci\u00f3n incluye<\/b>: Coctel\u00a0\u00a0de bienvenida, memorias del congreso, suvenir, coffee breaks, comidas, y cena del evento.<\/span><\/p>\n<p class=\"m_-1750596476488888968x_MsoNormal\"><span lang=\"ES-TRAD\">\u00a0<\/span><span lang=\"ES-TRAD\">Como saben, tendremos el honor de contar con tres plenaristas de renombre internacional: Prof. Yuri Gogotsi (Drexel University), Prof. Carlos Leon y Leon (Penn State), y Prof. Gerardo Garc\u00eda Naumis (UNAM).<\/span><\/p>\n<p class=\"m_-1750596476488888968x_MsoNormal\"><span lang=\"ES-TRAD\">\u00a0<\/span><span lang=\"ES-TRAD\">Esperamos contar con su importante participaci\u00f3n y la de sus alumnos, adem\u00e1s, agradecer\u00e9 su valiosa ayuda difundiendo esta informaci\u00f3n en sus respectivas instituciones. Consideren que la\u00a0<b>fecha l\u00edmite para la recepci\u00f3n de los res\u00famenes<\/b>\u00a0es el\u00a0<b><i>31 de Mayo<\/i><\/b>, adem\u00e1s, tenemos un<i>\u00a0<b>cupo limitado a 120 personas<\/b><\/i>.<\/span><\/p>\n<p class=\"m_-1750596476488888968x_MsoNormal\"><span lang=\"ES-TRAD\">\u00a0<\/span><span lang=\"ES-TRAD\">Sin mas por el momento y esperando contar con su apoyo, me despido de Ustedes envi\u00e1ndoles un saludos cordial.<\/span><\/p>\n<p class=\"m_-1750596476488888968x_MsoNormal\"><span lang=\"ES-TRAD\">\u00a0<\/span><span lang=\"ES-TRAD\">Atentamente,<\/span><\/p>\n<p class=\"m_-1750596476488888968x_MsoNormal\"><span lang=\"ES-TRAD\">\u00a0<\/span><span lang=\"ES-TRAD\">Ren\u00e9 Rangel M\u00e9ndez<\/span><\/p>\n<p class=\"m_-1750596476488888968x_MsoNormal\"><span lang=\"ES-TRAD\">Presidente<\/span><\/p>\n<p class=\"m_-1750596476488888968x_MsoNormal\"><span lang=\"ES-TRAD\">AMEXCarb<\/span><\/p>\n<\/div>\n<\/div>\n<\/blockquote>\n","protected":false},"excerpt":{"rendered":"<p>Estimados Colegas y amigos, \u00a0Es un gusto comunicarles que ya contamos con los detalles del\u00a0Tercer Congreso de la Asociaci\u00f3n Mexicana de Carbono (AMEXCarb 2019), el cual como se les comunic\u00f3 en el primer bolet\u00edn, se llevar\u00e1 a cabo del 5 al 8 de noviembre del a\u00f1o en curso en las instalaciones del IPICYT (ver anexos).&hellip;&nbsp;<a href=\"https:\/\/amexcarb.ipicyt.edu.mx\/wp_FLC\/2019\/05\/02\/3er-congreso-amex-carb-2019-5-8-nov-2019\/\" class=\"\" rel=\"bookmark\">Leer m\u00e1s &raquo;<span class=\"screen-reader-text\">3er Congreso AMEX CARB 2019 5-8 Nov 2019<\/span><\/a><\/p>\n","protected":false},"author":1,"featured_media":355,"comment_status":"closed","ping_status":"closed","sticky":false,"template":"","format":"image","meta":{"neve_meta_sidebar":"","neve_meta_container":"","neve_meta_enable_content_width":"","neve_meta_content_width":0,"neve_meta_title_alignment":"","neve_meta_author_avatar":"","neve_post_elements_order":"","neve_meta_disable_header":"","neve_meta_disable_footer":"","neve_meta_disable_title":"","_ti_tpc_template_sync":false,"_ti_tpc_template_id":"","footnotes":""},"categories":[3],"tags":[],"class_list":["post-348","post","type-post","status-publish","format-image","has-post-thumbnail","hentry","category-notas","post_format-post-format-image"],"aioseo_notices":[],"_links":{"self":[{"href":"https:\/\/amexcarb.ipicyt.edu.mx\/wp_FLC\/wp-json\/wp\/v2\/posts\/348","targetHints":{"allow":["GET"]}}],"collection":[{"href":"https:\/\/amexcarb.ipicyt.edu.mx\/wp_FLC\/wp-json\/wp\/v2\/posts"}],"about":[{"href":"https:\/\/amexcarb.ipicyt.edu.mx\/wp_FLC\/wp-json\/wp\/v2\/types\/post"}],"author":[{"embeddable":true,"href":"https:\/\/amexcarb.ipicyt.edu.mx\/wp_FLC\/wp-json\/wp\/v2\/users\/1"}],"replies":[{"embeddable":true,"href":"https:\/\/amexcarb.ipicyt.edu.mx\/wp_FLC\/wp-json\/wp\/v2\/comments?post=348"}],"version-history":[{"count":0,"href":"https:\/\/amexcarb.ipicyt.edu.mx\/wp_FLC\/wp-json\/wp\/v2\/posts\/348\/revisions"}],"wp:featuredmedia":[{"embeddable":true,"href":"https:\/\/amexcarb.ipicyt.edu.mx\/wp_FLC\/wp-json\/wp\/v2\/media\/355"}],"wp:attachment":[{"href":"https:\/\/amexcarb.ipicyt.edu.mx\/wp_FLC\/wp-json\/wp\/v2\/media?parent=348"}],"wp:term":[{"taxonomy":"category","embeddable":true,"href":"https:\/\/amexcarb.ipicyt.edu.mx\/wp_FLC\/wp-json\/wp\/v2\/categories?post=348"},{"taxonomy":"post_tag","embeddable":true,"href":"https:\/\/amexcarb.ipicyt.edu.mx\/wp_FLC\/wp-json\/wp\/v2\/tags?post=348"}],"curies":[{"name":"wp","href":"https:\/\/api.w.org\/{rel}","templated":true}]}}