{"id":502,"date":"2021-06-23T15:56:41","date_gmt":"2021-06-23T15:56:41","guid":{"rendered":"https:\/\/fedlatcarbono.org\/?p=502"},"modified":"2021-06-23T15:56:41","modified_gmt":"2021-06-23T15:56:41","slug":"taller-valorizacion-de-biocarbonos-aplicaciones-en-energia-y-remediacion-ambiental-de-materiales-derivados-de-biomasa","status":"publish","type":"post","link":"https:\/\/amexcarb.ipicyt.edu.mx\/wp_FLC\/2021\/06\/23\/taller-valorizacion-de-biocarbonos-aplicaciones-en-energia-y-remediacion-ambiental-de-materiales-derivados-de-biomasa\/","title":{"rendered":"Taller Valorizaci\u00f3n de Biocarbonos: Aplicaciones en Energ\u00eda y Remediaci\u00f3n Ambiental de Materiales Derivados de Biomasa 07-Julio-2021"},"content":{"rendered":"<p>Estimados miembros de la comunidad FLC, tenemos el gusto de invitarlos al <strong>Taller Valorizaci\u00f3n de Biocarbonos: Aplicaciones en Energ\u00eda y Remediaci\u00f3n Ambiental de Materiales Derivados de Biomasa<\/strong> que se llevar\u00e1 a cabo el pr\u00f3ximo <strong>07 de Julio 2021 a la 9:10 horas (Chile).<\/strong><\/p>\n<p>Este evento contar\u00e1 con la participaci\u00f3n de:<\/p>\n<ul>\n<li>Dr. Alex Berg, Director Ejecutivo de la Unidad de Desarrollo Tecnol\u00f3gico (UDT)<\/li>\n<li>Prof. Dra. Conchi O. Ania, CEMHTI-CNRS, Universidad de Orl\u00e9ans, Francia<\/li>\n<li>Prof. Dr. Juan Matos Lale, Facultad de Ingenier\u00eda, Universidad Aut\u00f3noma de Chile, Chile<\/li>\n<li>Dra. Po Shan Poon, Departamento de I+D, Unidad de Desarrollo Tecnol\u00f3gico (UDT), Universidad de Concepci\u00f3n, Chile.<\/li>\n<\/ul>\n<p>En el siguiente link pueden consultar el <a href=\"https:\/\/amexcarb.ipicyt.edu.mx\/wp_FLC\/\/wp-content\/uploads\/2021\/06\/programa-Biocarbonos.pdf\">programa Biocarbonos<\/a><\/p>\n<p><img loading=\"lazy\" decoding=\"async\" class=\"aligncenter size-large wp-image-504\" src=\"https:\/\/amexcarb.ipicyt.edu.mx\/wp_FLC\/\/wp-content\/uploads\/2021\/06\/flyer-Biocarbonos-2021-1024x819.png\" alt=\"\" width=\"960\" height=\"768\" srcset=\"https:\/\/amexcarb.ipicyt.edu.mx\/wp_FLC\/wp-content\/uploads\/2021\/06\/flyer-Biocarbonos-2021-1024x819.png 1024w, https:\/\/amexcarb.ipicyt.edu.mx\/wp_FLC\/wp-content\/uploads\/2021\/06\/flyer-Biocarbonos-2021-300x240.png 300w, https:\/\/amexcarb.ipicyt.edu.mx\/wp_FLC\/wp-content\/uploads\/2021\/06\/flyer-Biocarbonos-2021-768x615.png 768w, https:\/\/amexcarb.ipicyt.edu.mx\/wp_FLC\/wp-content\/uploads\/2021\/06\/flyer-Biocarbonos-2021-1536x1229.png 1536w, https:\/\/amexcarb.ipicyt.edu.mx\/wp_FLC\/wp-content\/uploads\/2021\/06\/flyer-Biocarbonos-2021.png 1772w\" sizes=\"auto, (max-width: 960px) 100vw, 960px\" \/><\/p>\n","protected":false},"excerpt":{"rendered":"<p>Estimados miembros de la comunidad FLC, tenemos el gusto de invitarlos al Taller Valorizaci\u00f3n de Biocarbonos: Aplicaciones en Energ\u00eda y Remediaci\u00f3n Ambiental de Materiales Derivados de Biomasa que se llevar\u00e1 a cabo el pr\u00f3ximo 07 de Julio 2021 a la 9:10 horas (Chile). Este evento contar\u00e1 con la participaci\u00f3n de: Dr. Alex Berg, Director Ejecutivo&hellip;&nbsp;<a href=\"https:\/\/amexcarb.ipicyt.edu.mx\/wp_FLC\/2021\/06\/23\/taller-valorizacion-de-biocarbonos-aplicaciones-en-energia-y-remediacion-ambiental-de-materiales-derivados-de-biomasa\/\" class=\"\" rel=\"bookmark\">Leer m\u00e1s &raquo;<span class=\"screen-reader-text\">Taller Valorizaci\u00f3n de Biocarbonos: Aplicaciones en Energ\u00eda y Remediaci\u00f3n Ambiental de Materiales Derivados de Biomasa 07-Julio-2021<\/span><\/a><\/p>\n","protected":false},"author":1,"featured_media":504,"comment_status":"closed","ping_status":"closed","sticky":false,"template":"","format":"standard","meta":{"neve_meta_sidebar":"","neve_meta_container":"","neve_meta_enable_content_width":"","neve_meta_content_width":0,"neve_meta_title_alignment":"","neve_meta_author_avatar":"","neve_post_elements_order":"","neve_meta_disable_header":"","neve_meta_disable_footer":"","neve_meta_disable_title":"","_ti_tpc_template_sync":false,"_ti_tpc_template_id":"","footnotes":""},"categories":[3],"tags":[],"class_list":["post-502","post","type-post","status-publish","format-standard","has-post-thumbnail","hentry","category-notas"],"aioseo_notices":[],"_links":{"self":[{"href":"https:\/\/amexcarb.ipicyt.edu.mx\/wp_FLC\/wp-json\/wp\/v2\/posts\/502","targetHints":{"allow":["GET"]}}],"collection":[{"href":"https:\/\/amexcarb.ipicyt.edu.mx\/wp_FLC\/wp-json\/wp\/v2\/posts"}],"about":[{"href":"https:\/\/amexcarb.ipicyt.edu.mx\/wp_FLC\/wp-json\/wp\/v2\/types\/post"}],"author":[{"embeddable":true,"href":"https:\/\/amexcarb.ipicyt.edu.mx\/wp_FLC\/wp-json\/wp\/v2\/users\/1"}],"replies":[{"embeddable":true,"href":"https:\/\/amexcarb.ipicyt.edu.mx\/wp_FLC\/wp-json\/wp\/v2\/comments?post=502"}],"version-history":[{"count":0,"href":"https:\/\/amexcarb.ipicyt.edu.mx\/wp_FLC\/wp-json\/wp\/v2\/posts\/502\/revisions"}],"wp:featuredmedia":[{"embeddable":true,"href":"https:\/\/amexcarb.ipicyt.edu.mx\/wp_FLC\/wp-json\/wp\/v2\/media\/504"}],"wp:attachment":[{"href":"https:\/\/amexcarb.ipicyt.edu.mx\/wp_FLC\/wp-json\/wp\/v2\/media?parent=502"}],"wp:term":[{"taxonomy":"category","embeddable":true,"href":"https:\/\/amexcarb.ipicyt.edu.mx\/wp_FLC\/wp-json\/wp\/v2\/categories?post=502"},{"taxonomy":"post_tag","embeddable":true,"href":"https:\/\/amexcarb.ipicyt.edu.mx\/wp_FLC\/wp-json\/wp\/v2\/tags?post=502"}],"curies":[{"name":"wp","href":"https:\/\/api.w.org\/{rel}","templated":true}]}}